{"id":1773,"date":"2021-08-27T21:13:11","date_gmt":"2021-08-27T19:13:11","guid":{"rendered":"https:\/\/helenecaruso.fr\/?p=1773"},"modified":"2021-08-27T21:13:15","modified_gmt":"2021-08-27T19:13:15","slug":"le-pire-pouvoir-au-monde-de-abel-assecq","status":"publish","type":"post","link":"https:\/\/helenecaruso.fr\/index.php\/2021\/08\/27\/le-pire-pouvoir-au-monde-de-abel-assecq\/","title":{"rendered":"Le pire pouvoir au monde de Abel Assecq"},"content":{"rendered":"<p><\/p><p class=\"has-text-align-center has-large-font-size\"><strong>SERVICE PRESSE<\/strong><\/p><p>Je remercie l\u2019auteur de m\u2019avoir sollicit\u00e9e pour ce nouveau service presse, et je le remercie pour sa confiance.<br><\/p><p class=\"has-text-align-center has-normal-font-size\"><br><strong>Mon r\u00e9sum\u00e9 :<br><\/strong><\/p><p class=\"has-text-align-center has-normal-font-size\"><br>Marc, \u00e9tudiant en comptabilit\u00e9, souffre d\u2019\u00eatre sans cesse compar\u00e9 \u00e0 son fr\u00e8re \u00e0 qui tout r\u00e9ussi. Oblig\u00e9 par sa m\u00e8re, \u00e0 aller rendre visite \u00e0 sa grand-m\u00e8re, celle-ci le poignarde. Pensant \u00eatre d\u00e9c\u00e9d\u00e9, il se r\u00e9veille dans un nouveau monde. Nouveau membre de la pire guilde qui existe, il en devient rapidement le chef. Il lui faudra r\u00e9aliser des qu\u00eates pour pouvoir esp\u00e9rer revenir dans notre r\u00e9alit\u00e9.<br><br><br><strong>Mon ressenti final :<br><\/strong><\/p><p><br>C\u2019est le deuxi\u00e8me roman de cet auteur que je lis, dans un registre diff\u00e9rent du premier.<br><br><br>Nous d\u00e9couvrons Marc, looser patent\u00e9, qui manque de confiance en lui. Il ne sait pas dire non, que ce soit \u00e0 une camarade de classe qui lui demande de lui faire ses devoirs ou \u00e0 sa m\u00e8re, qui se d\u00e9charge de la corv\u00e9e de rendre visite \u00e0 la grand-m\u00e8re, son \u2018\u2019abuela\u2019\u2019, comme il l\u2019appelle. Une fois en sa pr\u00e9sence, elle poignarde son petit-fils. Rien \u00e0 voir avec une agression gratuite. Elle souhaite passer un certain flambeau \u00e0 Marc. Le voici transport\u00e9 sur le march\u00e9 d\u2019un monde qu\u2019il ne conna\u00eet pas, peupl\u00e9 de cr\u00e9atures toutes plus bizarres les unes que les autres. Il fait alors la connaissance de sa guilde et des personnages haut en couleur qui la compose.<br><br>Lors des premiers chapitres, Marc m\u2019appara\u00eet vraiment comme un \u00e9tudiant effac\u00e9, un peu en marge, loin du gars populaire. Je ne m\u2019y suis pas vraiment attach\u00e9, malgr\u00e9 son sens de l\u2019humour assez d\u00e9velopp\u00e9. Je trouve que son \u00e9tiquette de looser le suit longtemps apr\u00e8s son int\u00e9gration dans la guilde et cela m\u2019a emp\u00each\u00e9 de l\u2019appr\u00e9cier.<\/p><p>Je n\u2019ai jamais \u00e9t\u00e9 fan de jeux vid\u00e9os, m\u00eame si j\u2019ai regard\u00e9 Monsieur Ch\u00e9ri jouer \u00e0 World of Warcraft pendant des ann\u00e9es, et que ma fille est une vraie geek. Ma chronique sera donc mitig\u00e9e MAIS UNIQUEMENT par le fait que l\u2019univers ne m\u2019a pas emball\u00e9e.<br><br>Les personnages secondaires sont super attachants, et j\u2019ai tr\u00e8s souvent ri en les lisant. J\u2019adore quand ils expliquent \u00e0 Marc, ce nouveau contexte dans lequel il se trouve. J\u2019ai aim\u00e9 cette complicit\u00e9 entre eux, leur humour et leur fa\u00e7on de parler sans filtre. Ils s\u2019entretiennent souvent comme si Marc n\u2019\u00e9tait pas l\u00e0 et c\u2019est franchement dr\u00f4le ! Ils sont communs aux cr\u00e9atures que l\u2019on retrouve dans l\u2019imaginaire : loup-garou (qui ne pense qu\u2019\u00e0 manger), vampire gay, une nains pas tr\u00e8s dou\u00e9e en magie, un incube qui n\u2019a peur que d\u2019une chose : qu\u2019on lui demande de bosser ! La coh\u00e9sion entre les membres se ressent parfaitement et on appr\u00e9cie leurs aventures.<br><br>Il est \u00e0 noter que l\u2019univers fantastique est tout \u00e0 fait ma\u00eetris\u00e9. Le jargon est commun \u00e0 celui d\u2019un jeu comme WOW, par exemple, et on est rapidement embarqu\u00e9 dans l\u2019\u00e9pop\u00e9e de cette \u00e9quipe de bras cass\u00e9s, disons le franchement. De fait, je visualisais les d\u00e9cors d\u2019un jeu vid\u00e9o et cela a v\u00e9ritablement brid\u00e9 mon imagination. L\u2019auteur n\u2019y est absolument pour rien, il ne s\u2019agit l\u00e0 que de mon incapacit\u00e9 \u00e0 imaginer l\u2019imaginaire, comme je le dis souvent.<br><br>Ce roman conserve la qualit\u00e9 d\u2019\u00e9criture habituellement pr\u00e9cise et fluide de son auteur, l\u2019\u00e9pop\u00e9e se lit vite et bien, les fans du genre passeront un excellent moment, je n\u2019en doute pas. En ce qui me concerne, j\u2019ai d\u00e9couvert l\u2019auteur avec une romance MM dont j\u2019avais su appr\u00e9cier la douceur et le long cheminement, j\u2019ai moins accroch\u00e9 avec cet univers. Quoiqu\u2019il en soit, je n\u2019h\u00e9siterai pas \u00e0 me replonger dans l\u2019un de ses futurs romans.<\/p><p><\/p>","protected":false},"excerpt":{"rendered":"<p>SERVICE PRESSE Je remercie l\u2019auteur de m\u2019avoir sollicit\u00e9e pour ce nouveau service presse, et je le remercie pour sa confiance. Mon r\u00e9sum\u00e9 : Marc, \u00e9tudiant en comptabilit\u00e9, souffre d\u2019\u00eatre sans cesse compar\u00e9 \u00e0 son fr\u00e8re \u00e0 qui tout r\u00e9ussi. Oblig\u00e9 par sa m\u00e8re, \u00e0 aller rendre visite \u00e0 sa grand-m\u00e8re, celle-ci le poignarde. Pensant \u00eatre [&hellip;]<\/p>\n","protected":false},"author":3,"featured_media":1774,"comment_status":"open","ping_status":"open","sticky":false,"template":"","format":"standard","meta":{"ocean_post_layout":"","ocean_both_sidebars_style":"","ocean_both_sidebars_content_width":0,"ocean_both_sidebars_sidebars_width":0,"ocean_sidebar":"0","ocean_second_sidebar":"0","ocean_disable_margins":"enable","ocean_add_body_class":"","ocean_shortcode_before_top_bar":"","ocean_shortcode_after_top_bar":"","ocean_shortcode_before_header":"","ocean_shortcode_after_header":"","ocean_has_shortcode":"","ocean_shortcode_after_title":"","ocean_shortcode_before_footer_widgets":"","ocean_shortcode_after_footer_widgets":"","ocean_shortcode_before_footer_bottom":"","ocean_shortcode_after_footer_bottom":"","ocean_display_top_bar":"default","ocean_display_header":"default","ocean_header_style":"","ocean_center_header_left_menu":"0","ocean_custom_header_template":"0","ocean_custom_logo":0,"ocean_custom_retina_logo":0,"ocean_custom_logo_max_width":0,"ocean_custom_logo_tablet_max_width":0,"ocean_custom_logo_mobile_max_width":0,"ocean_custom_logo_max_height":0,"ocean_custom_logo_tablet_max_height":0,"ocean_custom_logo_mobile_max_height":0,"ocean_header_custom_menu":"0","ocean_menu_typo_font_family":"0","ocean_menu_typo_font_subset":"","ocean_menu_typo_font_size":0,"ocean_menu_typo_font_size_tablet":0,"ocean_menu_typo_font_size_mobile":0,"ocean_menu_typo_font_size_unit":"px","ocean_menu_typo_font_weight":"","ocean_menu_typo_font_weight_tablet":"","ocean_menu_typo_font_weight_mobile":"","ocean_menu_typo_transform":"","ocean_menu_typo_transform_tablet":"","ocean_menu_typo_transform_mobile":"","ocean_menu_typo_line_height":0,"ocean_menu_typo_line_height_tablet":0,"ocean_menu_typo_line_height_mobile":0,"ocean_menu_typo_line_height_unit":"","ocean_menu_typo_spacing":0,"ocean_menu_typo_spacing_tablet":0,"ocean_menu_typo_spacing_mobile":0,"ocean_menu_typo_spacing_unit":"","ocean_menu_link_color":"","ocean_menu_link_color_hover":"","ocean_menu_link_color_active":"","ocean_menu_link_background":"","ocean_menu_link_hover_background":"","ocean_menu_link_active_background":"","ocean_menu_social_links_bg":"","ocean_menu_social_hover_links_bg":"","ocean_menu_social_links_color":"","ocean_menu_social_hover_links_color":"","ocean_disable_title":"default","ocean_disable_heading":"default","ocean_post_title":"","ocean_post_subheading":"","ocean_post_title_style":"","ocean_post_title_background_color":"","ocean_post_title_background":0,"ocean_post_title_bg_image_position":"","ocean_post_title_bg_image_attachment":"","ocean_post_title_bg_image_repeat":"","ocean_post_title_bg_image_size":"","ocean_post_title_height":0,"ocean_post_title_bg_overlay":0.5,"ocean_post_title_bg_overlay_color":"","ocean_disable_breadcrumbs":"default","ocean_breadcrumbs_color":"","ocean_breadcrumbs_separator_color":"","ocean_breadcrumbs_links_color":"","ocean_breadcrumbs_links_hover_color":"","ocean_display_footer_widgets":"default","ocean_display_footer_bottom":"default","ocean_custom_footer_template":"0","_jetpack_memberships_contains_paid_content":false,"ocean_post_oembed":"","ocean_post_self_hosted_media":"","ocean_post_video_embed":"","ocean_link_format":"","ocean_link_format_target":"self","ocean_quote_format":"","ocean_quote_format_link":"post","ocean_gallery_link_images":"off","ocean_gallery_id":[],"footnotes":""},"categories":[1],"tags":[],"class_list":["post-1773","post","type-post","status-publish","format-standard","has-post-thumbnail","hentry","category-non-classe","entry","has-media","owp-thumbs-layout-horizontal","owp-btn-normal","owp-tabs-layout-horizontal","has-no-thumbnails","has-product-nav","circle-sale"],"yoast_head":"<!-- This site is optimized with the Yoast SEO plugin v25.6 - https:\/\/yoast.com\/wordpress\/plugins\/seo\/ -->\n<title>Le pire pouvoir au monde de Abel Assecq - Helene CARUSO Auteure<\/title>\n<meta name=\"robots\" content=\"index, follow, max-snippet:-1, max-image-preview:large, max-video-preview:-1\" \/>\n<link rel=\"canonical\" href=\"https:\/\/helenecaruso.fr\/index.php\/2021\/08\/27\/le-pire-pouvoir-au-monde-de-abel-assecq\/\" \/>\n<meta property=\"og:locale\" content=\"fr_FR\" \/>\n<meta property=\"og:type\" content=\"article\" \/>\n<meta property=\"og:title\" content=\"Le pire pouvoir au monde de Abel Assecq - Helene CARUSO Auteure\" \/>\n<meta property=\"og:description\" content=\"SERVICE PRESSE Je remercie l\u2019auteur de m\u2019avoir sollicit\u00e9e pour ce nouveau service presse, et je le remercie pour sa confiance. Mon r\u00e9sum\u00e9 : Marc, \u00e9tudiant en comptabilit\u00e9, souffre d\u2019\u00eatre sans cesse compar\u00e9 \u00e0 son fr\u00e8re \u00e0 qui tout r\u00e9ussi. Oblig\u00e9 par sa m\u00e8re, \u00e0 aller rendre visite \u00e0 sa grand-m\u00e8re, celle-ci le poignarde. Pensant \u00eatre [&hellip;]\" \/>\n<meta property=\"og:url\" content=\"https:\/\/helenecaruso.fr\/index.php\/2021\/08\/27\/le-pire-pouvoir-au-monde-de-abel-assecq\/\" \/>\n<meta property=\"og:site_name\" content=\"Helene CARUSO Auteure\" \/>\n<meta property=\"article:publisher\" content=\"https:\/\/www.facebook.com\/HeleneCarusoAuteur\/\" \/>\n<meta property=\"article:author\" content=\"https:\/\/www.facebook.com\/HeleneCarusoAuteur\/\" \/>\n<meta property=\"article:published_time\" content=\"2021-08-27T19:13:11+00:00\" \/>\n<meta property=\"article:modified_time\" content=\"2021-08-27T19:13:15+00:00\" \/>\n<meta property=\"og:image\" content=\"https:\/\/i2.wp.com\/helenecaruso.fr\/wp-content\/uploads\/2021\/08\/pire.jpg?fit=960%2C960&ssl=1\" \/>\n\t<meta property=\"og:image:width\" content=\"960\" \/>\n\t<meta property=\"og:image:height\" content=\"960\" \/>\n\t<meta property=\"og:image:type\" content=\"image\/jpeg\" \/>\n<meta name=\"author\" content=\"Helene Caruso\" \/>\n<meta name=\"twitter:card\" content=\"summary_large_image\" \/>\n<meta name=\"twitter:label1\" content=\"\u00c9crit par\" \/>\n\t<meta name=\"twitter:data1\" content=\"Helene Caruso\" \/>\n\t<meta name=\"twitter:label2\" content=\"Dur\u00e9e de lecture estim\u00e9e\" \/>\n\t<meta name=\"twitter:data2\" content=\"3 minutes\" \/>\n<script type=\"application\/ld+json\" class=\"yoast-schema-graph\">{\"@context\":\"https:\/\/schema.org\",\"@graph\":[{\"@type\":\"Article\",\"@id\":\"https:\/\/helenecaruso.fr\/index.php\/2021\/08\/27\/le-pire-pouvoir-au-monde-de-abel-assecq\/#article\",\"isPartOf\":{\"@id\":\"https:\/\/helenecaruso.fr\/index.php\/2021\/08\/27\/le-pire-pouvoir-au-monde-de-abel-assecq\/\"},\"author\":{\"name\":\"Helene Caruso\",\"@id\":\"https:\/\/helenecaruso.fr\/#\/schema\/person\/9a7795b4b1e494fd8454a31952b38856\"},\"headline\":\"Le pire pouvoir au monde de Abel Assecq\",\"datePublished\":\"2021-08-27T19:13:11+00:00\",\"dateModified\":\"2021-08-27T19:13:15+00:00\",\"mainEntityOfPage\":{\"@id\":\"https:\/\/helenecaruso.fr\/index.php\/2021\/08\/27\/le-pire-pouvoir-au-monde-de-abel-assecq\/\"},\"wordCount\":677,\"commentCount\":0,\"publisher\":{\"@id\":\"https:\/\/helenecaruso.fr\/#organization\"},\"image\":{\"@id\":\"https:\/\/helenecaruso.fr\/index.php\/2021\/08\/27\/le-pire-pouvoir-au-monde-de-abel-assecq\/#primaryimage\"},\"thumbnailUrl\":\"https:\/\/i0.wp.com\/helenecaruso.fr\/wp-content\/uploads\/2021\/08\/pire.jpg?fit=960%2C960&ssl=1\",\"inLanguage\":\"fr-FR\",\"potentialAction\":[{\"@type\":\"CommentAction\",\"name\":\"Comment\",\"target\":[\"https:\/\/helenecaruso.fr\/index.php\/2021\/08\/27\/le-pire-pouvoir-au-monde-de-abel-assecq\/#respond\"]}]},{\"@type\":\"WebPage\",\"@id\":\"https:\/\/helenecaruso.fr\/index.php\/2021\/08\/27\/le-pire-pouvoir-au-monde-de-abel-assecq\/\",\"url\":\"https:\/\/helenecaruso.fr\/index.php\/2021\/08\/27\/le-pire-pouvoir-au-monde-de-abel-assecq\/\",\"name\":\"Le pire pouvoir au monde de Abel Assecq - Helene CARUSO Auteure\",\"isPartOf\":{\"@id\":\"https:\/\/helenecaruso.fr\/#website\"},\"primaryImageOfPage\":{\"@id\":\"https:\/\/helenecaruso.fr\/index.php\/2021\/08\/27\/le-pire-pouvoir-au-monde-de-abel-assecq\/#primaryimage\"},\"image\":{\"@id\":\"https:\/\/helenecaruso.fr\/index.php\/2021\/08\/27\/le-pire-pouvoir-au-monde-de-abel-assecq\/#primaryimage\"},\"thumbnailUrl\":\"https:\/\/i0.wp.com\/helenecaruso.fr\/wp-content\/uploads\/2021\/08\/pire.jpg?fit=960%2C960&ssl=1\",\"datePublished\":\"2021-08-27T19:13:11+00:00\",\"dateModified\":\"2021-08-27T19:13:15+00:00\",\"breadcrumb\":{\"@id\":\"https:\/\/helenecaruso.fr\/index.php\/2021\/08\/27\/le-pire-pouvoir-au-monde-de-abel-assecq\/#breadcrumb\"},\"inLanguage\":\"fr-FR\",\"potentialAction\":[{\"@type\":\"ReadAction\",\"target\":[\"https:\/\/helenecaruso.fr\/index.php\/2021\/08\/27\/le-pire-pouvoir-au-monde-de-abel-assecq\/\"]}]},{\"@type\":\"ImageObject\",\"inLanguage\":\"fr-FR\",\"@id\":\"https:\/\/helenecaruso.fr\/index.php\/2021\/08\/27\/le-pire-pouvoir-au-monde-de-abel-assecq\/#primaryimage\",\"url\":\"https:\/\/i0.wp.com\/helenecaruso.fr\/wp-content\/uploads\/2021\/08\/pire.jpg?fit=960%2C960&ssl=1\",\"contentUrl\":\"https:\/\/i0.wp.com\/helenecaruso.fr\/wp-content\/uploads\/2021\/08\/pire.jpg?fit=960%2C960&ssl=1\",\"width\":960,\"height\":960},{\"@type\":\"BreadcrumbList\",\"@id\":\"https:\/\/helenecaruso.fr\/index.php\/2021\/08\/27\/le-pire-pouvoir-au-monde-de-abel-assecq\/#breadcrumb\",\"itemListElement\":[{\"@type\":\"ListItem\",\"position\":1,\"name\":\"Home\",\"item\":\"https:\/\/helenecaruso.fr\/\"},{\"@type\":\"ListItem\",\"position\":2,\"name\":\"Le pire pouvoir au monde de Abel Assecq\"}]},{\"@type\":\"WebSite\",\"@id\":\"https:\/\/helenecaruso.fr\/#website\",\"url\":\"https:\/\/helenecaruso.fr\/\",\"name\":\"Helene CARUSO Auteure\",\"description\":\"Helene CARUSO Auteure\",\"publisher\":{\"@id\":\"https:\/\/helenecaruso.fr\/#organization\"},\"potentialAction\":[{\"@type\":\"SearchAction\",\"target\":{\"@type\":\"EntryPoint\",\"urlTemplate\":\"https:\/\/helenecaruso.fr\/?s={search_term_string}\"},\"query-input\":{\"@type\":\"PropertyValueSpecification\",\"valueRequired\":true,\"valueName\":\"search_term_string\"}}],\"inLanguage\":\"fr-FR\"},{\"@type\":\"Organization\",\"@id\":\"https:\/\/helenecaruso.fr\/#organization\",\"name\":\"Helene Caruso Company\",\"url\":\"https:\/\/helenecaruso.fr\/\",\"logo\":{\"@type\":\"ImageObject\",\"inLanguage\":\"fr-FR\",\"@id\":\"https:\/\/helenecaruso.fr\/#\/schema\/logo\/image\/\",\"url\":\"https:\/\/helenecaruso.fr\/wp-content\/uploads\/2021\/05\/logo-rond.png\",\"contentUrl\":\"https:\/\/helenecaruso.fr\/wp-content\/uploads\/2021\/05\/logo-rond.png\",\"width\":1903,\"height\":1875,\"caption\":\"Helene Caruso Company\"},\"image\":{\"@id\":\"https:\/\/helenecaruso.fr\/#\/schema\/logo\/image\/\"},\"sameAs\":[\"https:\/\/www.facebook.com\/HeleneCarusoAuteur\/\",\"https:\/\/www.instagram.com\/helene_caruso_auteure\/\"]},{\"@type\":\"Person\",\"@id\":\"https:\/\/helenecaruso.fr\/#\/schema\/person\/9a7795b4b1e494fd8454a31952b38856\",\"name\":\"Helene Caruso\",\"image\":{\"@type\":\"ImageObject\",\"inLanguage\":\"fr-FR\",\"@id\":\"https:\/\/helenecaruso.fr\/#\/schema\/person\/image\/\",\"url\":\"https:\/\/secure.gravatar.com\/avatar\/914328db12246dbcd4ad53b6d593bbc5?s=96&d=mm&r=g\",\"contentUrl\":\"https:\/\/secure.gravatar.com\/avatar\/914328db12246dbcd4ad53b6d593bbc5?s=96&d=mm&r=g\",\"caption\":\"Helene Caruso\"},\"sameAs\":[\"http:\/\/helenecaruso.fr\",\"https:\/\/www.facebook.com\/HeleneCarusoAuteur\/\",\"https:\/\/www.instagram.com\/helene_caruso_auteure\/\"],\"url\":\"https:\/\/helenecaruso.fr\/index.php\/author\/helene-8204\/\"}]}<\/script>\n<!-- \/ Yoast SEO plugin. -->","yoast_head_json":{"title":"Le pire pouvoir au monde de Abel Assecq - Helene CARUSO Auteure","robots":{"index":"index","follow":"follow","max-snippet":"max-snippet:-1","max-image-preview":"max-image-preview:large","max-video-preview":"max-video-preview:-1"},"canonical":"https:\/\/helenecaruso.fr\/index.php\/2021\/08\/27\/le-pire-pouvoir-au-monde-de-abel-assecq\/","og_locale":"fr_FR","og_type":"article","og_title":"Le pire pouvoir au monde de Abel Assecq - Helene CARUSO Auteure","og_description":"SERVICE PRESSE Je remercie l\u2019auteur de m\u2019avoir sollicit\u00e9e pour ce nouveau service presse, et je le remercie pour sa confiance. Mon r\u00e9sum\u00e9 : Marc, \u00e9tudiant en comptabilit\u00e9, souffre d\u2019\u00eatre sans cesse compar\u00e9 \u00e0 son fr\u00e8re \u00e0 qui tout r\u00e9ussi. Oblig\u00e9 par sa m\u00e8re, \u00e0 aller rendre visite \u00e0 sa grand-m\u00e8re, celle-ci le poignarde. Pensant \u00eatre [&hellip;]","og_url":"https:\/\/helenecaruso.fr\/index.php\/2021\/08\/27\/le-pire-pouvoir-au-monde-de-abel-assecq\/","og_site_name":"Helene CARUSO Auteure","article_publisher":"https:\/\/www.facebook.com\/HeleneCarusoAuteur\/","article_author":"https:\/\/www.facebook.com\/HeleneCarusoAuteur\/","article_published_time":"2021-08-27T19:13:11+00:00","article_modified_time":"2021-08-27T19:13:15+00:00","og_image":[{"width":960,"height":960,"url":"https:\/\/i2.wp.com\/helenecaruso.fr\/wp-content\/uploads\/2021\/08\/pire.jpg?fit=960%2C960&ssl=1","type":"image\/jpeg"}],"author":"Helene Caruso","twitter_card":"summary_large_image","twitter_misc":{"\u00c9crit par":"Helene Caruso","Dur\u00e9e de lecture estim\u00e9e":"3 minutes"},"schema":{"@context":"https:\/\/schema.org","@graph":[{"@type":"Article","@id":"https:\/\/helenecaruso.fr\/index.php\/2021\/08\/27\/le-pire-pouvoir-au-monde-de-abel-assecq\/#article","isPartOf":{"@id":"https:\/\/helenecaruso.fr\/index.php\/2021\/08\/27\/le-pire-pouvoir-au-monde-de-abel-assecq\/"},"author":{"name":"Helene Caruso","@id":"https:\/\/helenecaruso.fr\/#\/schema\/person\/9a7795b4b1e494fd8454a31952b38856"},"headline":"Le pire pouvoir au monde de Abel Assecq","datePublished":"2021-08-27T19:13:11+00:00","dateModified":"2021-08-27T19:13:15+00:00","mainEntityOfPage":{"@id":"https:\/\/helenecaruso.fr\/index.php\/2021\/08\/27\/le-pire-pouvoir-au-monde-de-abel-assecq\/"},"wordCount":677,"commentCount":0,"publisher":{"@id":"https:\/\/helenecaruso.fr\/#organization"},"image":{"@id":"https:\/\/helenecaruso.fr\/index.php\/2021\/08\/27\/le-pire-pouvoir-au-monde-de-abel-assecq\/#primaryimage"},"thumbnailUrl":"https:\/\/i0.wp.com\/helenecaruso.fr\/wp-content\/uploads\/2021\/08\/pire.jpg?fit=960%2C960&ssl=1","inLanguage":"fr-FR","potentialAction":[{"@type":"CommentAction","name":"Comment","target":["https:\/\/helenecaruso.fr\/index.php\/2021\/08\/27\/le-pire-pouvoir-au-monde-de-abel-assecq\/#respond"]}]},{"@type":"WebPage","@id":"https:\/\/helenecaruso.fr\/index.php\/2021\/08\/27\/le-pire-pouvoir-au-monde-de-abel-assecq\/","url":"https:\/\/helenecaruso.fr\/index.php\/2021\/08\/27\/le-pire-pouvoir-au-monde-de-abel-assecq\/","name":"Le pire pouvoir au monde de Abel Assecq - Helene CARUSO Auteure","isPartOf":{"@id":"https:\/\/helenecaruso.fr\/#website"},"primaryImageOfPage":{"@id":"https:\/\/helenecaruso.fr\/index.php\/2021\/08\/27\/le-pire-pouvoir-au-monde-de-abel-assecq\/#primaryimage"},"image":{"@id":"https:\/\/helenecaruso.fr\/index.php\/2021\/08\/27\/le-pire-pouvoir-au-monde-de-abel-assecq\/#primaryimage"},"thumbnailUrl":"https:\/\/i0.wp.com\/helenecaruso.fr\/wp-content\/uploads\/2021\/08\/pire.jpg?fit=960%2C960&ssl=1","datePublished":"2021-08-27T19:13:11+00:00","dateModified":"2021-08-27T19:13:15+00:00","breadcrumb":{"@id":"https:\/\/helenecaruso.fr\/index.php\/2021\/08\/27\/le-pire-pouvoir-au-monde-de-abel-assecq\/#breadcrumb"},"inLanguage":"fr-FR","potentialAction":[{"@type":"ReadAction","target":["https:\/\/helenecaruso.fr\/index.php\/2021\/08\/27\/le-pire-pouvoir-au-monde-de-abel-assecq\/"]}]},{"@type":"ImageObject","inLanguage":"fr-FR","@id":"https:\/\/helenecaruso.fr\/index.php\/2021\/08\/27\/le-pire-pouvoir-au-monde-de-abel-assecq\/#primaryimage","url":"https:\/\/i0.wp.com\/helenecaruso.fr\/wp-content\/uploads\/2021\/08\/pire.jpg?fit=960%2C960&ssl=1","contentUrl":"https:\/\/i0.wp.com\/helenecaruso.fr\/wp-content\/uploads\/2021\/08\/pire.jpg?fit=960%2C960&ssl=1","width":960,"height":960},{"@type":"BreadcrumbList","@id":"https:\/\/helenecaruso.fr\/index.php\/2021\/08\/27\/le-pire-pouvoir-au-monde-de-abel-assecq\/#breadcrumb","itemListElement":[{"@type":"ListItem","position":1,"name":"Home","item":"https:\/\/helenecaruso.fr\/"},{"@type":"ListItem","position":2,"name":"Le pire pouvoir au monde de Abel Assecq"}]},{"@type":"WebSite","@id":"https:\/\/helenecaruso.fr\/#website","url":"https:\/\/helenecaruso.fr\/","name":"Helene CARUSO Auteure","description":"Helene CARUSO Auteure","publisher":{"@id":"https:\/\/helenecaruso.fr\/#organization"},"potentialAction":[{"@type":"SearchAction","target":{"@type":"EntryPoint","urlTemplate":"https:\/\/helenecaruso.fr\/?s={search_term_string}"},"query-input":{"@type":"PropertyValueSpecification","valueRequired":true,"valueName":"search_term_string"}}],"inLanguage":"fr-FR"},{"@type":"Organization","@id":"https:\/\/helenecaruso.fr\/#organization","name":"Helene Caruso Company","url":"https:\/\/helenecaruso.fr\/","logo":{"@type":"ImageObject","inLanguage":"fr-FR","@id":"https:\/\/helenecaruso.fr\/#\/schema\/logo\/image\/","url":"https:\/\/helenecaruso.fr\/wp-content\/uploads\/2021\/05\/logo-rond.png","contentUrl":"https:\/\/helenecaruso.fr\/wp-content\/uploads\/2021\/05\/logo-rond.png","width":1903,"height":1875,"caption":"Helene Caruso Company"},"image":{"@id":"https:\/\/helenecaruso.fr\/#\/schema\/logo\/image\/"},"sameAs":["https:\/\/www.facebook.com\/HeleneCarusoAuteur\/","https:\/\/www.instagram.com\/helene_caruso_auteure\/"]},{"@type":"Person","@id":"https:\/\/helenecaruso.fr\/#\/schema\/person\/9a7795b4b1e494fd8454a31952b38856","name":"Helene Caruso","image":{"@type":"ImageObject","inLanguage":"fr-FR","@id":"https:\/\/helenecaruso.fr\/#\/schema\/person\/image\/","url":"https:\/\/secure.gravatar.com\/avatar\/914328db12246dbcd4ad53b6d593bbc5?s=96&d=mm&r=g","contentUrl":"https:\/\/secure.gravatar.com\/avatar\/914328db12246dbcd4ad53b6d593bbc5?s=96&d=mm&r=g","caption":"Helene Caruso"},"sameAs":["http:\/\/helenecaruso.fr","https:\/\/www.facebook.com\/HeleneCarusoAuteur\/","https:\/\/www.instagram.com\/helene_caruso_auteure\/"],"url":"https:\/\/helenecaruso.fr\/index.php\/author\/helene-8204\/"}]}},"jetpack_featured_media_url":"https:\/\/i0.wp.com\/helenecaruso.fr\/wp-content\/uploads\/2021\/08\/pire.jpg?fit=960%2C960&ssl=1","jetpack_sharing_enabled":true,"_links":{"self":[{"href":"https:\/\/helenecaruso.fr\/index.php\/wp-json\/wp\/v2\/posts\/1773"}],"collection":[{"href":"https:\/\/helenecaruso.fr\/index.php\/wp-json\/wp\/v2\/posts"}],"about":[{"href":"https:\/\/helenecaruso.fr\/index.php\/wp-json\/wp\/v2\/types\/post"}],"author":[{"embeddable":true,"href":"https:\/\/helenecaruso.fr\/index.php\/wp-json\/wp\/v2\/users\/3"}],"replies":[{"embeddable":true,"href":"https:\/\/helenecaruso.fr\/index.php\/wp-json\/wp\/v2\/comments?post=1773"}],"version-history":[{"count":1,"href":"https:\/\/helenecaruso.fr\/index.php\/wp-json\/wp\/v2\/posts\/1773\/revisions"}],"predecessor-version":[{"id":1775,"href":"https:\/\/helenecaruso.fr\/index.php\/wp-json\/wp\/v2\/posts\/1773\/revisions\/1775"}],"wp:featuredmedia":[{"embeddable":true,"href":"https:\/\/helenecaruso.fr\/index.php\/wp-json\/wp\/v2\/media\/1774"}],"wp:attachment":[{"href":"https:\/\/helenecaruso.fr\/index.php\/wp-json\/wp\/v2\/media?parent=1773"}],"wp:term":[{"taxonomy":"category","embeddable":true,"href":"https:\/\/helenecaruso.fr\/index.php\/wp-json\/wp\/v2\/categories?post=1773"},{"taxonomy":"post_tag","embeddable":true,"href":"https:\/\/helenecaruso.fr\/index.php\/wp-json\/wp\/v2\/tags?post=1773"}],"curies":[{"name":"wp","href":"https:\/\/api.w.org\/{rel}","templated":true}]}}